{"id":17210,"date":"2024-06-27T17:16:34","date_gmt":"2024-06-27T17:16:34","guid":{"rendered":"https:\/\/www.galiforest.com\/medio-rural-destaca-la-importancia-del-sector-forestal-gallego-a-nivel-nacional-e-internacional-en-la-vii-feria-galiforest-abanca\/"},"modified":"2024-06-27T17:19:40","modified_gmt":"2024-06-27T17:19:40","slug":"medio-rural-destaca-la-importancia-del-sector-forestal-gallego-a-nivel-nacional-e-internacional-en-la-vii-feria-galiforest-abanca","status":"publish","type":"post","link":"https:\/\/www.galiforest.com\/gl\/medio-rural-destaca-la-importancia-del-sector-forestal-gallego-a-nivel-nacional-e-internacional-en-la-vii-feria-galiforest-abanca\/","title":{"rendered":"Medio Rural salienta a importancia do sector forestal galego a nivel nacional e internacional na VII feira Galiforest Abanca"},"content":{"rendered":"<div class=\"contedor__ext__entradilla col-sm-12 texto-tam-sm texto-color-xunta-primario mb-3\">\n<div class=\"contedor__ext__entradilla col-sm-12 texto-tam-sm texto-color-xunta-primario mb-3\">\n<ul>\n<li><strong>A conselleira participou esta ma\u00f1\u00e1 na inauguraci\u00f3n deste evento, que est\u00e1 consolidado como o maior certame forestal do pa\u00eds<\/strong><\/li>\n<li><strong>Mar\u00eda Jos\u00e9 G\u00f3mez destacou que Galicia \u00e9 a novena potencia forestal de Europa, l\u00edder neste eido a nivel nacional e produce anualmente m\u00e1is de 11 mill\u00f3ns de metros c\u00fabicos de madeira<\/strong><\/li>\n<li><strong>Salientou que o seu departamento seguir\u00e1 afondando nun rural produtivo e coidado a trav\u00e9s de ferramentas como o Plan Forestal de Galicia 2021-2040, o futuro anteproxecto de Lei de montes veci\u00f1ais en man com\u00fan ou novo Mapa de Usos Agroforestais<\/strong><\/li>\n<\/ul>\n<\/div>\n<\/div>\n<p><strong>Boqueix\u00f3n (A Coru\u00f1a), 27 de xu\u00f1o de 2024<\/strong><\/p>\n<p>A conselleira do Medio Rural, Mar\u00eda Jos\u00e9 Gonz\u00e1lez, participou esta ma\u00f1\u00e1 na inauguraci\u00f3n da VII Feira Galiforest Abanca, celebrada no Centro de Formaci\u00f3n e Experimentaci\u00f3n Agroforestal de Sergude. Durante a s\u00faa intervenci\u00f3n destacou que este evento, consolidado como o maior certame forestal do pa\u00eds, \u00e9 unha ocasi\u00f3n id\u00f3nea para \u201ccelebrar o sector forestal que tanto nos define e que tanta riqueza e emprego xera na nosa comunidade\u201d.<\/p>\n<p>Galicia sit\u00faase como a novena potencia forestal de Europa. A nosa comunidade \u00e9 l\u00edder no sector a nivel nacional e produce anualmente m\u00e1is de 11 mill\u00f3ns de metros c\u00fabicos de madeira. A conselleira expuxo que o rural galego \u201cdef\u00ednese pola s\u00faa cor verde\u201d, debido a que a comunidade conta con case un mill\u00f3n e medio de hect\u00e1reas de bosques, e o 22% do valor produtivo da superficie forestal de Espa\u00f1a est\u00e1 no noso territorio.<\/p>\n<p>Ao acto tam\u00e9n asistiron o alcalde de Boqueix\u00f3n, Ovidio Rodeiro, o secretario xeral t\u00e9cnico da Conseller\u00eda de Presidencia, Xustiza e Deportes, Javier Abad; e os directores xerais de Emerxencias e Interior, Santiago Villanueva; de Defensa do Monte, Manuel Rodr\u00edguez; de Planificaci\u00f3n e Ordenaci\u00f3n Forestal, Jos\u00e9 Luis Chan; e o director da Axencia Galega da Industria Forestal, Jacobo Aboal.<\/p>\n<p>Neste sentido, e co fin de seguir afondando nun rural produtivo e coidado, naceu o Plan Forestal 2021-2040 \u201cCara \u00e1 neutralidade carb\u00f3nica\u201d co fin de ordenar e xestionar os nosos montes. De cara o futuro, G\u00f3mez resaltou que a vontade da Conseller\u00eda \u00e9 presentar \u201ccanto antes\u201d o anteproxecto da Lei de montes veci\u00f1ais en man com\u00fan para poder avanzar na ordenaci\u00f3n forestal a trav\u00e9s do respecto \u00e1 propiedade.<\/p>\n<p>Xunto co Inventario Forestal Continuo, o Goberno auton\u00f3mico est\u00e1 a traballar no desenvolvemento do Mapa de Usos Agroforestais de Galicia, que se aprobar\u00e1 neste 2024. Segundo explicou Mar\u00eda Jos\u00e9 G\u00f3mez, o mapa \u201cpermitir\u00e1 acceder a unha foto exacta dos usos actuais dos diferentes terreos, que actuar\u00e1n de base e referencia para planificar outras actuaci\u00f3ns\u201d. Ademais, ter\u00e1 asociado un visor web que estar\u00e1 dispo\u00f1ible para o p\u00fablico xeral.<\/p>\n<p>Seguindo esta li\u00f1a, puxo de relevo o Plan estrat\u00e9xico e xesti\u00f3n das masas de con\u00edferas que se est\u00e1 a formular e a recentemente aprobada Estratexia para a xesti\u00f3n activa das masas de frondosas, como d\u00faas pancas de acci\u00f3n para afondar na mellora deste sector.<\/p>\n<p><a href=\"https:\/\/photos.app.goo.gl\/H4Zn3ceQutFY37ZC8\" target=\"_blank\" rel=\"noopener\"><strong>+ Fotos de Galiforest<\/strong><\/a><\/p>\n","protected":false},"excerpt":{"rendered":"<p>A conselleira participou esta ma\u00f1\u00e1 na inauguraci\u00f3n deste evento, que est\u00e1 consolidado como o maior certame forestal do pa\u00eds Mar\u00eda Jos\u00e9 G\u00f3mez destacou que Galicia \u00e9 a novena potencia forestal &#8230; <a title=\"Medio Rural salienta a importancia do sector forestal galego a nivel nacional e internacional na VII feira Galiforest Abanca\" class=\"read-more\" href=\"https:\/\/www.galiforest.com\/gl\/medio-rural-destaca-la-importancia-del-sector-forestal-gallego-a-nivel-nacional-e-internacional-en-la-vii-feria-galiforest-abanca\/\" aria-label=\"M\u00e1is en Medio Rural salienta a importancia do sector forestal galego a nivel nacional e internacional na VII feira Galiforest Abanca\">Ler m\u00e1is<\/a><\/p>\n","protected":false},"author":1,"featured_media":17208,"comment_status":"closed","ping_status":"closed","sticky":false,"template":"","format":"standard","meta":{"_price":"","_stock":"","_tribe_ticket_header":"","_tribe_default_ticket_provider":"","_tribe_ticket_capacity":"0","_ticket_start_date":"","_ticket_end_date":"","_tribe_ticket_show_description":"","_tribe_ticket_show_not_going":false,"_tribe_ticket_use_global_stock":"","_tribe_ticket_global_stock_level":"","_global_stock_mode":"","_global_stock_cap":"","_tribe_rsvp_for_event":"","_tribe_ticket_going_count":"","_tribe_ticket_not_going_count":"","_tribe_tickets_list":[],"_tribe_ticket_has_attendee_info_fields":false,"footnotes":""},"categories":[18],"tags":[],"class_list":["post-17210","post","type-post","status-publish","format-standard","has-post-thumbnail","hentry","category-uncategorized-gl"],"acf":[],"yoast_head":"<!-- This site is optimized with the Yoast SEO plugin v18.1 - https:\/\/yoast.com\/wordpress\/plugins\/seo\/ -->\n<title>Medio Rural salienta a importancia do sector forestal galego a nivel nacional e internacional na VII feira Galiforest Abanca - Feria Galiforest Abanca 2024<\/title>\n<meta name=\"robots\" content=\"index, follow, max-snippet:-1, max-image-preview:large, max-video-preview:-1\" \/>\n<link rel=\"canonical\" href=\"https:\/\/www.galiforest.com\/gl\/medio-rural-destaca-la-importancia-del-sector-forestal-gallego-a-nivel-nacional-e-internacional-en-la-vii-feria-galiforest-abanca\/\" \/>\n<meta property=\"og:locale\" content=\"gl_ES\" \/>\n<meta property=\"og:type\" content=\"article\" \/>\n<meta property=\"og:title\" content=\"Medio Rural salienta a importancia do sector forestal galego a nivel nacional e internacional na VII feira Galiforest Abanca - Feria Galiforest Abanca 2024\" \/>\n<meta property=\"og:description\" content=\"A conselleira participou esta ma\u00f1\u00e1 na inauguraci\u00f3n deste evento, que est\u00e1 consolidado como o maior certame forestal do pa\u00eds Mar\u00eda Jos\u00e9 G\u00f3mez destacou que Galicia \u00e9 a novena potencia forestal ... Ler m\u00e1is\" \/>\n<meta property=\"og:url\" content=\"https:\/\/www.galiforest.com\/gl\/medio-rural-destaca-la-importancia-del-sector-forestal-gallego-a-nivel-nacional-e-internacional-en-la-vii-feria-galiforest-abanca\/\" \/>\n<meta property=\"og:site_name\" content=\"Feria Galiforest Abanca 2024\" \/>\n<meta property=\"article:publisher\" content=\"https:\/\/twitter.com\/galiforest\" \/>\n<meta property=\"article:published_time\" content=\"2024-06-27T17:16:34+00:00\" \/>\n<meta property=\"article:modified_time\" content=\"2024-06-27T17:19:40+00:00\" \/>\n<meta property=\"og:image\" content=\"https:\/\/www.galiforest.com\/wp-content\/uploads\/2024\/06\/DSC00177-scaled.jpg\" \/>\n\t<meta property=\"og:image:width\" content=\"2560\" \/>\n\t<meta property=\"og:image:height\" content=\"1441\" \/>\n\t<meta property=\"og:image:type\" content=\"image\/jpeg\" \/>\n<meta name=\"twitter:card\" content=\"summary_large_image\" \/>\n<meta name=\"twitter:creator\" content=\"@galiforest\" \/>\n<meta name=\"twitter:site\" content=\"@galiforest\" \/>\n<meta name=\"twitter:label1\" content=\"Escrito por\" \/>\n\t<meta name=\"twitter:data1\" content=\"admin@SedExpo\" \/>\n\t<meta name=\"twitter:label2\" content=\"Tempo de lectura\" \/>\n\t<meta name=\"twitter:data2\" content=\"3 minutos\" \/>\n<script type=\"application\/ld+json\" class=\"yoast-schema-graph\">{\"@context\":\"https:\/\/schema.org\",\"@graph\":[{\"@type\":\"Organization\",\"@id\":\"https:\/\/www.galiforest.com\/gl\/#organization\",\"name\":\"GALIFOREST ABANCA\",\"url\":\"https:\/\/www.galiforest.com\/gl\/\",\"sameAs\":[\"https:\/\/twitter.com\/galiforest\",\"https:\/\/es.linkedin.com\/company\/feira-internacional-de-galicia---figa\"],\"logo\":{\"@type\":\"ImageObject\",\"@id\":\"https:\/\/www.galiforest.com\/gl\/#logo\",\"inLanguage\":\"gl-ES\",\"url\":\"https:\/\/www.galiforest.com\/2022\/wp-content\/uploads\/2022\/05\/logo_galiforest-.png\",\"contentUrl\":\"https:\/\/www.galiforest.com\/2022\/wp-content\/uploads\/2022\/05\/logo_galiforest-.png\",\"width\":508,\"height\":254,\"caption\":\"GALIFOREST ABANCA\"},\"image\":{\"@id\":\"https:\/\/www.galiforest.com\/gl\/#logo\"}},{\"@type\":\"WebSite\",\"@id\":\"https:\/\/www.galiforest.com\/gl\/#website\",\"url\":\"https:\/\/www.galiforest.com\/gl\/\",\"name\":\"Feria Galiforest Abanca 2024\",\"description\":\"Feria Forestal Internacional para el Sur de Europa. Sergude - Galicia del 27 al 29 de junio de 2024\",\"publisher\":{\"@id\":\"https:\/\/www.galiforest.com\/gl\/#organization\"},\"potentialAction\":[{\"@type\":\"SearchAction\",\"target\":{\"@type\":\"EntryPoint\",\"urlTemplate\":\"https:\/\/www.galiforest.com\/gl\/?s={search_term_string}\"},\"query-input\":\"required name=search_term_string\"}],\"inLanguage\":\"gl-ES\"},{\"@type\":\"ImageObject\",\"@id\":\"https:\/\/www.galiforest.com\/gl\/medio-rural-destaca-la-importancia-del-sector-forestal-gallego-a-nivel-nacional-e-internacional-en-la-vii-feria-galiforest-abanca\/#primaryimage\",\"inLanguage\":\"gl-ES\",\"url\":\"https:\/\/www.galiforest.com\/wp-content\/uploads\/2024\/06\/DSC00177-scaled.jpg\",\"contentUrl\":\"https:\/\/www.galiforest.com\/wp-content\/uploads\/2024\/06\/DSC00177-scaled.jpg\",\"width\":2560,\"height\":1441},{\"@type\":\"WebPage\",\"@id\":\"https:\/\/www.galiforest.com\/gl\/medio-rural-destaca-la-importancia-del-sector-forestal-gallego-a-nivel-nacional-e-internacional-en-la-vii-feria-galiforest-abanca\/#webpage\",\"url\":\"https:\/\/www.galiforest.com\/gl\/medio-rural-destaca-la-importancia-del-sector-forestal-gallego-a-nivel-nacional-e-internacional-en-la-vii-feria-galiforest-abanca\/\",\"name\":\"Medio Rural salienta a importancia do sector forestal galego a nivel nacional e internacional na VII feira Galiforest Abanca - Feria Galiforest Abanca 2024\",\"isPartOf\":{\"@id\":\"https:\/\/www.galiforest.com\/gl\/#website\"},\"primaryImageOfPage\":{\"@id\":\"https:\/\/www.galiforest.com\/gl\/medio-rural-destaca-la-importancia-del-sector-forestal-gallego-a-nivel-nacional-e-internacional-en-la-vii-feria-galiforest-abanca\/#primaryimage\"},\"datePublished\":\"2024-06-27T17:16:34+00:00\",\"dateModified\":\"2024-06-27T17:19:40+00:00\",\"breadcrumb\":{\"@id\":\"https:\/\/www.galiforest.com\/gl\/medio-rural-destaca-la-importancia-del-sector-forestal-gallego-a-nivel-nacional-e-internacional-en-la-vii-feria-galiforest-abanca\/#breadcrumb\"},\"inLanguage\":\"gl-ES\",\"potentialAction\":[{\"@type\":\"ReadAction\",\"target\":[\"https:\/\/www.galiforest.com\/gl\/medio-rural-destaca-la-importancia-del-sector-forestal-gallego-a-nivel-nacional-e-internacional-en-la-vii-feria-galiforest-abanca\/\"]}]},{\"@type\":\"BreadcrumbList\",\"@id\":\"https:\/\/www.galiforest.com\/gl\/medio-rural-destaca-la-importancia-del-sector-forestal-gallego-a-nivel-nacional-e-internacional-en-la-vii-feria-galiforest-abanca\/#breadcrumb\",\"itemListElement\":[{\"@type\":\"ListItem\",\"position\":1,\"name\":\"Portada\",\"item\":\"https:\/\/www.galiforest.com\/gl\/inicio\/\"},{\"@type\":\"ListItem\",\"position\":2,\"name\":\"Medio Rural salienta a importancia do sector forestal galego a nivel nacional e internacional na VII feira Galiforest Abanca\"}]},{\"@type\":\"Article\",\"@id\":\"https:\/\/www.galiforest.com\/gl\/medio-rural-destaca-la-importancia-del-sector-forestal-gallego-a-nivel-nacional-e-internacional-en-la-vii-feria-galiforest-abanca\/#article\",\"isPartOf\":{\"@id\":\"https:\/\/www.galiforest.com\/gl\/medio-rural-destaca-la-importancia-del-sector-forestal-gallego-a-nivel-nacional-e-internacional-en-la-vii-feria-galiforest-abanca\/#webpage\"},\"author\":{\"@id\":\"https:\/\/www.galiforest.com\/gl\/#\/schema\/person\/1fc7315d6712a25472b2c1ce06566872\"},\"headline\":\"Medio Rural salienta a importancia do sector forestal galego a nivel nacional e internacional na VII feira Galiforest Abanca\",\"datePublished\":\"2024-06-27T17:16:34+00:00\",\"dateModified\":\"2024-06-27T17:19:40+00:00\",\"mainEntityOfPage\":{\"@id\":\"https:\/\/www.galiforest.com\/gl\/medio-rural-destaca-la-importancia-del-sector-forestal-gallego-a-nivel-nacional-e-internacional-en-la-vii-feria-galiforest-abanca\/#webpage\"},\"wordCount\":548,\"publisher\":{\"@id\":\"https:\/\/www.galiforest.com\/gl\/#organization\"},\"image\":{\"@id\":\"https:\/\/www.galiforest.com\/gl\/medio-rural-destaca-la-importancia-del-sector-forestal-gallego-a-nivel-nacional-e-internacional-en-la-vii-feria-galiforest-abanca\/#primaryimage\"},\"thumbnailUrl\":\"https:\/\/www.galiforest.com\/wp-content\/uploads\/2024\/06\/DSC00177-scaled.jpg\",\"articleSection\":[\"Uncategorized @gl\"],\"inLanguage\":\"gl-ES\"},{\"@type\":\"Person\",\"@id\":\"https:\/\/www.galiforest.com\/gl\/#\/schema\/person\/1fc7315d6712a25472b2c1ce06566872\",\"name\":\"admin@SedExpo\",\"image\":{\"@type\":\"ImageObject\",\"@id\":\"https:\/\/www.galiforest.com\/gl\/#personlogo\",\"inLanguage\":\"gl-ES\",\"url\":\"https:\/\/secure.gravatar.com\/avatar\/2aee3a429c5c84b2486f82e4bb736b27e478d3632de0946f5aba7087273fe2cb?s=96&d=mm&r=g\",\"contentUrl\":\"https:\/\/secure.gravatar.com\/avatar\/2aee3a429c5c84b2486f82e4bb736b27e478d3632de0946f5aba7087273fe2cb?s=96&d=mm&r=g\",\"caption\":\"admin@SedExpo\"},\"url\":\"https:\/\/www.galiforest.com\/gl\/author\/adminsedexpo\/\"}]}<\/script>\n<!-- \/ Yoast SEO plugin. -->","yoast_head_json":{"title":"Medio Rural salienta a importancia do sector forestal galego a nivel nacional e internacional na VII feira Galiforest Abanca - Feria Galiforest Abanca 2024","robots":{"index":"index","follow":"follow","max-snippet":"max-snippet:-1","max-image-preview":"max-image-preview:large","max-video-preview":"max-video-preview:-1"},"canonical":"https:\/\/www.galiforest.com\/gl\/medio-rural-destaca-la-importancia-del-sector-forestal-gallego-a-nivel-nacional-e-internacional-en-la-vii-feria-galiforest-abanca\/","og_locale":"gl_ES","og_type":"article","og_title":"Medio Rural salienta a importancia do sector forestal galego a nivel nacional e internacional na VII feira Galiforest Abanca - Feria Galiforest Abanca 2024","og_description":"A conselleira participou esta ma\u00f1\u00e1 na inauguraci\u00f3n deste evento, que est\u00e1 consolidado como o maior certame forestal do pa\u00eds Mar\u00eda Jos\u00e9 G\u00f3mez destacou que Galicia \u00e9 a novena potencia forestal ... Ler m\u00e1is","og_url":"https:\/\/www.galiforest.com\/gl\/medio-rural-destaca-la-importancia-del-sector-forestal-gallego-a-nivel-nacional-e-internacional-en-la-vii-feria-galiforest-abanca\/","og_site_name":"Feria Galiforest Abanca 2024","article_publisher":"https:\/\/twitter.com\/galiforest","article_published_time":"2024-06-27T17:16:34+00:00","article_modified_time":"2024-06-27T17:19:40+00:00","og_image":[{"width":2560,"height":1441,"url":"https:\/\/www.galiforest.com\/wp-content\/uploads\/2024\/06\/DSC00177-scaled.jpg","type":"image\/jpeg"}],"twitter_card":"summary_large_image","twitter_creator":"@galiforest","twitter_site":"@galiforest","twitter_misc":{"Escrito por":"admin@SedExpo","Tempo de lectura":"3 minutos"},"schema":{"@context":"https:\/\/schema.org","@graph":[{"@type":"Organization","@id":"https:\/\/www.galiforest.com\/gl\/#organization","name":"GALIFOREST ABANCA","url":"https:\/\/www.galiforest.com\/gl\/","sameAs":["https:\/\/twitter.com\/galiforest","https:\/\/es.linkedin.com\/company\/feira-internacional-de-galicia---figa"],"logo":{"@type":"ImageObject","@id":"https:\/\/www.galiforest.com\/gl\/#logo","inLanguage":"gl-ES","url":"https:\/\/www.galiforest.com\/2022\/wp-content\/uploads\/2022\/05\/logo_galiforest-.png","contentUrl":"https:\/\/www.galiforest.com\/2022\/wp-content\/uploads\/2022\/05\/logo_galiforest-.png","width":508,"height":254,"caption":"GALIFOREST ABANCA"},"image":{"@id":"https:\/\/www.galiforest.com\/gl\/#logo"}},{"@type":"WebSite","@id":"https:\/\/www.galiforest.com\/gl\/#website","url":"https:\/\/www.galiforest.com\/gl\/","name":"Feria Galiforest Abanca 2024","description":"Feria Forestal Internacional para el Sur de Europa. Sergude - Galicia del 27 al 29 de junio de 2024","publisher":{"@id":"https:\/\/www.galiforest.com\/gl\/#organization"},"potentialAction":[{"@type":"SearchAction","target":{"@type":"EntryPoint","urlTemplate":"https:\/\/www.galiforest.com\/gl\/?s={search_term_string}"},"query-input":"required name=search_term_string"}],"inLanguage":"gl-ES"},{"@type":"ImageObject","@id":"https:\/\/www.galiforest.com\/gl\/medio-rural-destaca-la-importancia-del-sector-forestal-gallego-a-nivel-nacional-e-internacional-en-la-vii-feria-galiforest-abanca\/#primaryimage","inLanguage":"gl-ES","url":"https:\/\/www.galiforest.com\/wp-content\/uploads\/2024\/06\/DSC00177-scaled.jpg","contentUrl":"https:\/\/www.galiforest.com\/wp-content\/uploads\/2024\/06\/DSC00177-scaled.jpg","width":2560,"height":1441},{"@type":"WebPage","@id":"https:\/\/www.galiforest.com\/gl\/medio-rural-destaca-la-importancia-del-sector-forestal-gallego-a-nivel-nacional-e-internacional-en-la-vii-feria-galiforest-abanca\/#webpage","url":"https:\/\/www.galiforest.com\/gl\/medio-rural-destaca-la-importancia-del-sector-forestal-gallego-a-nivel-nacional-e-internacional-en-la-vii-feria-galiforest-abanca\/","name":"Medio Rural salienta a importancia do sector forestal galego a nivel nacional e internacional na VII feira Galiforest Abanca - Feria Galiforest Abanca 2024","isPartOf":{"@id":"https:\/\/www.galiforest.com\/gl\/#website"},"primaryImageOfPage":{"@id":"https:\/\/www.galiforest.com\/gl\/medio-rural-destaca-la-importancia-del-sector-forestal-gallego-a-nivel-nacional-e-internacional-en-la-vii-feria-galiforest-abanca\/#primaryimage"},"datePublished":"2024-06-27T17:16:34+00:00","dateModified":"2024-06-27T17:19:40+00:00","breadcrumb":{"@id":"https:\/\/www.galiforest.com\/gl\/medio-rural-destaca-la-importancia-del-sector-forestal-gallego-a-nivel-nacional-e-internacional-en-la-vii-feria-galiforest-abanca\/#breadcrumb"},"inLanguage":"gl-ES","potentialAction":[{"@type":"ReadAction","target":["https:\/\/www.galiforest.com\/gl\/medio-rural-destaca-la-importancia-del-sector-forestal-gallego-a-nivel-nacional-e-internacional-en-la-vii-feria-galiforest-abanca\/"]}]},{"@type":"BreadcrumbList","@id":"https:\/\/www.galiforest.com\/gl\/medio-rural-destaca-la-importancia-del-sector-forestal-gallego-a-nivel-nacional-e-internacional-en-la-vii-feria-galiforest-abanca\/#breadcrumb","itemListElement":[{"@type":"ListItem","position":1,"name":"Portada","item":"https:\/\/www.galiforest.com\/gl\/inicio\/"},{"@type":"ListItem","position":2,"name":"Medio Rural salienta a importancia do sector forestal galego a nivel nacional e internacional na VII feira Galiforest Abanca"}]},{"@type":"Article","@id":"https:\/\/www.galiforest.com\/gl\/medio-rural-destaca-la-importancia-del-sector-forestal-gallego-a-nivel-nacional-e-internacional-en-la-vii-feria-galiforest-abanca\/#article","isPartOf":{"@id":"https:\/\/www.galiforest.com\/gl\/medio-rural-destaca-la-importancia-del-sector-forestal-gallego-a-nivel-nacional-e-internacional-en-la-vii-feria-galiforest-abanca\/#webpage"},"author":{"@id":"https:\/\/www.galiforest.com\/gl\/#\/schema\/person\/1fc7315d6712a25472b2c1ce06566872"},"headline":"Medio Rural salienta a importancia do sector forestal galego a nivel nacional e internacional na VII feira Galiforest Abanca","datePublished":"2024-06-27T17:16:34+00:00","dateModified":"2024-06-27T17:19:40+00:00","mainEntityOfPage":{"@id":"https:\/\/www.galiforest.com\/gl\/medio-rural-destaca-la-importancia-del-sector-forestal-gallego-a-nivel-nacional-e-internacional-en-la-vii-feria-galiforest-abanca\/#webpage"},"wordCount":548,"publisher":{"@id":"https:\/\/www.galiforest.com\/gl\/#organization"},"image":{"@id":"https:\/\/www.galiforest.com\/gl\/medio-rural-destaca-la-importancia-del-sector-forestal-gallego-a-nivel-nacional-e-internacional-en-la-vii-feria-galiforest-abanca\/#primaryimage"},"thumbnailUrl":"https:\/\/www.galiforest.com\/wp-content\/uploads\/2024\/06\/DSC00177-scaled.jpg","articleSection":["Uncategorized @gl"],"inLanguage":"gl-ES"},{"@type":"Person","@id":"https:\/\/www.galiforest.com\/gl\/#\/schema\/person\/1fc7315d6712a25472b2c1ce06566872","name":"admin@SedExpo","image":{"@type":"ImageObject","@id":"https:\/\/www.galiforest.com\/gl\/#personlogo","inLanguage":"gl-ES","url":"https:\/\/secure.gravatar.com\/avatar\/2aee3a429c5c84b2486f82e4bb736b27e478d3632de0946f5aba7087273fe2cb?s=96&d=mm&r=g","contentUrl":"https:\/\/secure.gravatar.com\/avatar\/2aee3a429c5c84b2486f82e4bb736b27e478d3632de0946f5aba7087273fe2cb?s=96&d=mm&r=g","caption":"admin@SedExpo"},"url":"https:\/\/www.galiforest.com\/gl\/author\/adminsedexpo\/"}]}},"_links":{"self":[{"href":"https:\/\/www.galiforest.com\/gl\/wp-json\/wp\/v2\/posts\/17210","targetHints":{"allow":["GET"]}}],"collection":[{"href":"https:\/\/www.galiforest.com\/gl\/wp-json\/wp\/v2\/posts"}],"about":[{"href":"https:\/\/www.galiforest.com\/gl\/wp-json\/wp\/v2\/types\/post"}],"author":[{"embeddable":true,"href":"https:\/\/www.galiforest.com\/gl\/wp-json\/wp\/v2\/users\/1"}],"replies":[{"embeddable":true,"href":"https:\/\/www.galiforest.com\/gl\/wp-json\/wp\/v2\/comments?post=17210"}],"version-history":[{"count":2,"href":"https:\/\/www.galiforest.com\/gl\/wp-json\/wp\/v2\/posts\/17210\/revisions"}],"predecessor-version":[{"id":17214,"href":"https:\/\/www.galiforest.com\/gl\/wp-json\/wp\/v2\/posts\/17210\/revisions\/17214"}],"wp:featuredmedia":[{"embeddable":true,"href":"https:\/\/www.galiforest.com\/gl\/wp-json\/wp\/v2\/media\/17208"}],"wp:attachment":[{"href":"https:\/\/www.galiforest.com\/gl\/wp-json\/wp\/v2\/media?parent=17210"}],"wp:term":[{"taxonomy":"category","embeddable":true,"href":"https:\/\/www.galiforest.com\/gl\/wp-json\/wp\/v2\/categories?post=17210"},{"taxonomy":"post_tag","embeddable":true,"href":"https:\/\/www.galiforest.com\/gl\/wp-json\/wp\/v2\/tags?post=17210"}],"curies":[{"name":"wp","href":"https:\/\/api.w.org\/{rel}","templated":true}]}}